{"id":933,"date":"2022-02-12T10:24:40","date_gmt":"2022-02-12T10:24:40","guid":{"rendered":"http:\/\/manninkyla.net\/?p=933"},"modified":"2022-02-12T10:24:40","modified_gmt":"2022-02-12T10:24:40","slug":"kevaan-ensimmaisia-tapahtumia","status":"publish","type":"post","link":"https:\/\/manninkyla.net\/?p=933","title":{"rendered":"Kev\u00e4\u00e4n ensimm\u00e4isi\u00e4 tapahtumia!"},"content":{"rendered":"\n<ul class=\"wp-block-list\"><li>Tervehdys asukasyhdistyksen hallitukselta! Hallitus kokoontui to 10.2.2022 iloisissa merkeiss\u00e4, sill\u00e4 Mannin kyl\u00e4talon remonttihanke on ottanut askeleen eteenp\u00e4in, sill\u00e4 olemme hiljattain saaneet ELY-keskukselta my\u00f6nteisen p\u00e4\u00e4t\u00f6ksen hankkeen rahoitukselle. Yhdistyksen kev\u00e4tkokous j\u00e4rjestet\u00e4\u00e4n ti 15.3.2022 klo 18 Viljakkalan seurojentalolla. Tilaisuudessa kahvitarjoilu ja siell\u00e4 kerrotaan Mannin kyl\u00e4talon hankkeen nykytilanteesta. Tervetuloa kuulemaan asiasta tarkemmin tilaisuuteen. Lis\u00e4ksi kokouksessaan hallitus p\u00e4\u00e4tti j\u00e4rjest\u00e4\u00e4 koko perheen talvitapahtuman Mannin rannassa lauantaina 26.2.2022 klo 13-15. Luvassa pulkkam\u00e4ki pienimuotoisen kilpailun kera (oma pulkka tai liukuri mukaan). Lis\u00e4ksi luistellaan j\u00e4rven j\u00e4\u00e4ll\u00e4, mik\u00e4li keli sallii. Muutakin aktiviteettia on suunnitteilla. Paikan p\u00e4\u00e4ll\u00e4 makkaratarjoilu ja lis\u00e4ksi puffetista voi ostaa muita herkkuja. Yhteisty\u00f6ss\u00e4 mukana vanhempainyhdistys Onni. <\/li><\/ul>\n\n\n\n<p>Terveisin, hallituksen v\u00e4ki <\/p>\n","protected":false},"excerpt":{"rendered":"<p>Tervehdys asukasyhdistyksen hallitukselta! Hallitus kokoontui to 10.2.2022 iloisissa merkeiss\u00e4, sill\u00e4 Mannin kyl\u00e4talon remonttihanke on ottanut askeleen eteenp\u00e4in, sill\u00e4 olemme hiljattain saaneet ELY-keskukselta my\u00f6nteisen p\u00e4\u00e4t\u00f6ksen hankkeen rahoitukselle. Yhdistyksen kev\u00e4tkokous j\u00e4rjestet\u00e4\u00e4n ti 15.3.2022 klo 18 Viljakkalan seurojentalolla. Tilaisuudessa kahvitarjoilu ja siell\u00e4 kerrotaan Mannin kyl\u00e4talon hankkeen nykytilanteesta. Tervetuloa kuulemaan asiasta tarkemmin tilaisuuteen. Lis\u00e4ksi kokouksessaan hallitus p\u00e4\u00e4tti j\u00e4rjest\u00e4\u00e4 koko [&hellip;]<\/p>\n","protected":false},"author":8,"featured_media":0,"comment_status":"closed","ping_status":"closed","sticky":false,"template":"","format":"standard","meta":{"ngg_post_thumbnail":0,"footnotes":""},"categories":[1],"tags":[],"class_list":["post-933","post","type-post","status-publish","format-standard","hentry","category-yleinen"],"_links":{"self":[{"href":"https:\/\/manninkyla.net\/index.php?rest_route=\/wp\/v2\/posts\/933","targetHints":{"allow":["GET"]}}],"collection":[{"href":"https:\/\/manninkyla.net\/index.php?rest_route=\/wp\/v2\/posts"}],"about":[{"href":"https:\/\/manninkyla.net\/index.php?rest_route=\/wp\/v2\/types\/post"}],"author":[{"embeddable":true,"href":"https:\/\/manninkyla.net\/index.php?rest_route=\/wp\/v2\/users\/8"}],"replies":[{"embeddable":true,"href":"https:\/\/manninkyla.net\/index.php?rest_route=%2Fwp%2Fv2%2Fcomments&post=933"}],"version-history":[{"count":1,"href":"https:\/\/manninkyla.net\/index.php?rest_route=\/wp\/v2\/posts\/933\/revisions"}],"predecessor-version":[{"id":934,"href":"https:\/\/manninkyla.net\/index.php?rest_route=\/wp\/v2\/posts\/933\/revisions\/934"}],"wp:attachment":[{"href":"https:\/\/manninkyla.net\/index.php?rest_route=%2Fwp%2Fv2%2Fmedia&parent=933"}],"wp:term":[{"taxonomy":"category","embeddable":true,"href":"https:\/\/manninkyla.net\/index.php?rest_route=%2Fwp%2Fv2%2Fcategories&post=933"},{"taxonomy":"post_tag","embeddable":true,"href":"https:\/\/manninkyla.net\/index.php?rest_route=%2Fwp%2Fv2%2Ftags&post=933"}],"curies":[{"name":"wp","href":"https:\/\/api.w.org\/{rel}","templated":true}]}}