{"id":928,"date":"2021-10-21T07:31:06","date_gmt":"2021-10-21T07:31:06","guid":{"rendered":"http:\/\/manninkyla.net\/?p=928"},"modified":"2021-10-21T07:31:06","modified_gmt":"2021-10-21T07:31:06","slug":"hallituksen-kokouksen-terveisia","status":"publish","type":"post","link":"https:\/\/manninkyla.net\/?p=928","title":{"rendered":"Hallituksen kokouksen terveisi\u00e4"},"content":{"rendered":"\n<p>Eilen 20.10. pidettiin asukasyhdistyksen hallituksen kokous Mannin kyl\u00e4talolla. <\/p>\n\n\n\n<p>Kokouksessa k\u00e4siteltiin mm. 35 vuotis juhlavuotta, jota asukayhdistys on viett\u00e4nyt t\u00e4n\u00e4 vuonna. Sen kunniaksi hallitus keksi jotakin mukavaa, mutta mit\u00e4? T\u00e4st\u00e4 kuulemme my\u00f6hemmin.<\/p>\n\n\n\n<p>Tapio Liesko piti Mannin kyl\u00e4talon remonttihankkeen tilantesta tilannekatsauksen. Tiivistettyn\u00e4; odottelemme edelleen ELY-keskukselta p\u00e4\u00e4t\u00f6st\u00e4 hankkeesta. <\/p>\n\n\n\n<p>Olethan muistanut maksaa yhdistyksen j\u00e4senmaksun t\u00e4n\u00e4 vuonna? Viel\u00e4 ei ole my\u00f6h\u00e4ist\u00e4. Jokainen j\u00e4senmaksu on yhdistykselle t\u00e4rke\u00e4! Kiitokset siis maksaneille ja my\u00f6s lukuisille kannatusj\u00e4senille! \ud83d\ude42<\/p>\n\n\n\n<p>Talkooryhm\u00e4 on ollut ahkera t\u00e4n\u00e4kin vuonna ja laiturikin on jo talviteloilla.<\/p>\n\n\n\n<p>Uutta pihap\u00f6yt\u00e4\u00e4 viel\u00e4 etsiskelemme Mannin rantaan, jos tied\u00e4t sopivan, vinkkaa siit\u00e4 Esko Upalle.<\/p>\n\n\n\n<p>Varsinaiset tapahtumat ovat jo ohi t\u00e4lt\u00e4 vuodelta, mutta asukasyhdistyksen ty\u00f6 jatkuu l\u00e4pi talven aktiivisena, erilaisena suunnittelu ja selvitysty\u00f6n\u00e4. <\/p>\n\n\n\n<p>Terveisin, hallitus<\/p>\n","protected":false},"excerpt":{"rendered":"<p>Eilen 20.10. pidettiin asukasyhdistyksen hallituksen kokous Mannin kyl\u00e4talolla. Kokouksessa k\u00e4siteltiin mm. 35 vuotis juhlavuotta, jota asukayhdistys on viett\u00e4nyt t\u00e4n\u00e4 vuonna. Sen kunniaksi hallitus keksi jotakin mukavaa, mutta mit\u00e4? T\u00e4st\u00e4 kuulemme my\u00f6hemmin. Tapio Liesko piti Mannin kyl\u00e4talon remonttihankkeen tilantesta tilannekatsauksen. Tiivistettyn\u00e4; odottelemme edelleen ELY-keskukselta p\u00e4\u00e4t\u00f6st\u00e4 hankkeesta. Olethan muistanut maksaa yhdistyksen j\u00e4senmaksun t\u00e4n\u00e4 vuonna? Viel\u00e4 ei ole [&hellip;]<\/p>\n","protected":false},"author":8,"featured_media":0,"comment_status":"closed","ping_status":"closed","sticky":false,"template":"","format":"standard","meta":{"ngg_post_thumbnail":0,"footnotes":""},"categories":[1],"tags":[],"class_list":["post-928","post","type-post","status-publish","format-standard","hentry","category-yleinen"],"_links":{"self":[{"href":"https:\/\/manninkyla.net\/index.php?rest_route=\/wp\/v2\/posts\/928","targetHints":{"allow":["GET"]}}],"collection":[{"href":"https:\/\/manninkyla.net\/index.php?rest_route=\/wp\/v2\/posts"}],"about":[{"href":"https:\/\/manninkyla.net\/index.php?rest_route=\/wp\/v2\/types\/post"}],"author":[{"embeddable":true,"href":"https:\/\/manninkyla.net\/index.php?rest_route=\/wp\/v2\/users\/8"}],"replies":[{"embeddable":true,"href":"https:\/\/manninkyla.net\/index.php?rest_route=%2Fwp%2Fv2%2Fcomments&post=928"}],"version-history":[{"count":1,"href":"https:\/\/manninkyla.net\/index.php?rest_route=\/wp\/v2\/posts\/928\/revisions"}],"predecessor-version":[{"id":929,"href":"https:\/\/manninkyla.net\/index.php?rest_route=\/wp\/v2\/posts\/928\/revisions\/929"}],"wp:attachment":[{"href":"https:\/\/manninkyla.net\/index.php?rest_route=%2Fwp%2Fv2%2Fmedia&parent=928"}],"wp:term":[{"taxonomy":"category","embeddable":true,"href":"https:\/\/manninkyla.net\/index.php?rest_route=%2Fwp%2Fv2%2Fcategories&post=928"},{"taxonomy":"post_tag","embeddable":true,"href":"https:\/\/manninkyla.net\/index.php?rest_route=%2Fwp%2Fv2%2Ftags&post=928"}],"curies":[{"name":"wp","href":"https:\/\/api.w.org\/{rel}","templated":true}]}}