{"id":922,"date":"2021-08-23T17:19:54","date_gmt":"2021-08-23T17:19:54","guid":{"rendered":"http:\/\/manninkyla.net\/?p=922"},"modified":"2021-08-23T17:19:54","modified_gmt":"2021-08-23T17:19:54","slug":"syysterveiset-hallitukselta","status":"publish","type":"post","link":"https:\/\/manninkyla.net\/?p=922","title":{"rendered":"Syysterveiset hallitukselta!"},"content":{"rendered":"\n<p>Hyv\u00e4\u00e4 alkanutta syksy\u00e4 asukasyhdistyksen hallituksen v\u00e4elt\u00e4! Kes\u00e4 meni nopeasti helteisiss\u00e4 merkeiss\u00e4 ja nyt katseet suunnataan syksyyn. Hallitus kokoontui 22.8. ja p\u00e4\u00e4tti koronatilanteen huomioon ottaen, ett\u00e4 perinteiset Elojuhlat j\u00e4rjestet\u00e4\u00e4n la 28.8. klo 15-19 Mannin rannassa. Sen sijaan ilta ei jatku en\u00e4\u00e4 Venetsialaisten merkeiss\u00e4 vaan ohjelma sijoittuu edell\u00e4 mainitulle ajalle. Ohjelmassa kentt\u00e4pelej\u00e4, puffet, grillimakkaraa ja arpajaiset. Tervetuloa mukaan koko perheen voimalla!<\/p>\n\n\n\n<p>Saunojen yleiset vuorot lauantaisin jatkuvat 30.9. asti. Muistattehan, ett\u00e4 Mannin kyl\u00e4talo ja saunat ovat vuokrattavissa. Vuokraustilanteen n\u00e4et varauskalenterista. Yhdistyksen puh. 0400268411. <\/p>\n\n\n\n<p>Mannin kyl\u00e4talon remonttia koskevien hakemuksien p\u00e4\u00e4t\u00f6ksi\u00e4 odotellaan viel\u00e4. P\u00e4\u00e4t\u00f6sten mukaan projektin etenemisest\u00e4 tiedotetaan enemm\u00e4n. <\/p>\n\n\n\n<p>Mannin rannan grillipaikalle on hakusessa parempi pihap\u00f6yt\u00e4. Mik\u00e4li sinulla on tiedossa tarkoitukseen sopivat p\u00f6yt\u00e4, asiasta voi vinkata Esko Upalle puh. 0400268411 tai 0405645153.<\/p>\n\n\n\n<p>Syysterveisin, hallitus<\/p>\n","protected":false},"excerpt":{"rendered":"<p>Hyv\u00e4\u00e4 alkanutta syksy\u00e4 asukasyhdistyksen hallituksen v\u00e4elt\u00e4! Kes\u00e4 meni nopeasti helteisiss\u00e4 merkeiss\u00e4 ja nyt katseet suunnataan syksyyn. Hallitus kokoontui 22.8. ja p\u00e4\u00e4tti koronatilanteen huomioon ottaen, ett\u00e4 perinteiset Elojuhlat j\u00e4rjestet\u00e4\u00e4n la 28.8. klo 15-19 Mannin rannassa. Sen sijaan ilta ei jatku en\u00e4\u00e4 Venetsialaisten merkeiss\u00e4 vaan ohjelma sijoittuu edell\u00e4 mainitulle ajalle. Ohjelmassa kentt\u00e4pelej\u00e4, puffet, grillimakkaraa ja arpajaiset. Tervetuloa [&hellip;]<\/p>\n","protected":false},"author":8,"featured_media":0,"comment_status":"closed","ping_status":"closed","sticky":false,"template":"","format":"standard","meta":{"ngg_post_thumbnail":0,"footnotes":""},"categories":[1],"tags":[],"class_list":["post-922","post","type-post","status-publish","format-standard","hentry","category-yleinen"],"_links":{"self":[{"href":"https:\/\/manninkyla.net\/index.php?rest_route=\/wp\/v2\/posts\/922","targetHints":{"allow":["GET"]}}],"collection":[{"href":"https:\/\/manninkyla.net\/index.php?rest_route=\/wp\/v2\/posts"}],"about":[{"href":"https:\/\/manninkyla.net\/index.php?rest_route=\/wp\/v2\/types\/post"}],"author":[{"embeddable":true,"href":"https:\/\/manninkyla.net\/index.php?rest_route=\/wp\/v2\/users\/8"}],"replies":[{"embeddable":true,"href":"https:\/\/manninkyla.net\/index.php?rest_route=%2Fwp%2Fv2%2Fcomments&post=922"}],"version-history":[{"count":1,"href":"https:\/\/manninkyla.net\/index.php?rest_route=\/wp\/v2\/posts\/922\/revisions"}],"predecessor-version":[{"id":923,"href":"https:\/\/manninkyla.net\/index.php?rest_route=\/wp\/v2\/posts\/922\/revisions\/923"}],"wp:attachment":[{"href":"https:\/\/manninkyla.net\/index.php?rest_route=%2Fwp%2Fv2%2Fmedia&parent=922"}],"wp:term":[{"taxonomy":"category","embeddable":true,"href":"https:\/\/manninkyla.net\/index.php?rest_route=%2Fwp%2Fv2%2Fcategories&post=922"},{"taxonomy":"post_tag","embeddable":true,"href":"https:\/\/manninkyla.net\/index.php?rest_route=%2Fwp%2Fv2%2Ftags&post=922"}],"curies":[{"name":"wp","href":"https:\/\/api.w.org\/{rel}","templated":true}]}}