{"id":1077,"date":"2023-09-11T06:56:58","date_gmt":"2023-09-11T06:56:58","guid":{"rendered":"http:\/\/manninkyla.net\/?p=1077"},"modified":"2023-09-11T06:56:58","modified_gmt":"2023-09-11T06:56:58","slug":"ylojarven-kaupunki-tiedottaa","status":"publish","type":"post","link":"https:\/\/manninkyla.net\/?p=1077","title":{"rendered":"Yl\u00f6j\u00e4rven kaupunki tiedottaa:"},"content":{"rendered":"\n<p>MAISEMATY\u00d6LUPAHAKEMUS<\/p>\n\n\n\n<p>Yl\u00f6j\u00e4rven kaupunki hakee maisematy\u00f6lupaa puiden kaatamiseksi osoitteessa Tuomonraitti 3 Yl\u00f6j\u00e4rven kaupungin omistamille tiloille 980\u2013440\u20131-86 S\u00e4rk\u00e4nm\u00e4ki ja 980-440-1-33 Kyr\u00f6nsivu. Maisematy\u00f6lupaa haetaan Viljakkalan Manniin, Kyr\u00f6skoskentien etel\u00e4n puoleisen puistoalueen harvennukselle. Hakemus koskee Viljakkalan Mannissa sijaitsevan Kyr\u00f6skoskentien etel\u00e4n puoleisen puistoalueen sek\u00e4 kaupungin hallussa olevien rakentamattomien tonttien harvennuksia. Toimenpiteill\u00e4 on tarkoitus harventaa puustoa ja avartaa maisemaa. Aluspuustoa poistetaan j\u00e4tt\u00e4en vain elinvoimaisimmat nuoret puut ja isompaa puustoa harvennetaan 30-50 % tarpeesta riippuen.<\/p>\n\n\n\n<p>Hakemuksien johdosta varataan mahdollisuus kirjallisten muistutusten tekemiseen niille, joiden asumiseen, ty\u00f6ntekoon tai muihin oloihin maisematy\u00f6van toimenpiteet saattavat vaikuttaa. Mahdollisten muistutusten on oltava perill\u00e4 27.9.2023 menness\u00e4 kaavoituksessa (Kuruntie 14, PL 22, 33471 Yl\u00f6j\u00e4rvi tai kaavoitus@ylojarvi.fi). Lis\u00e4tietoja antaa maisemasuunnittelija Kaisu Wallin p. 041&nbsp;730 1380 tai mets\u00e4vastaava Veli-Pekka Hakala, p. 0444314008.<\/p>\n","protected":false},"excerpt":{"rendered":"<p>MAISEMATY\u00d6LUPAHAKEMUS Yl\u00f6j\u00e4rven kaupunki hakee maisematy\u00f6lupaa puiden kaatamiseksi osoitteessa Tuomonraitti 3 Yl\u00f6j\u00e4rven kaupungin omistamille tiloille 980\u2013440\u20131-86 S\u00e4rk\u00e4nm\u00e4ki ja 980-440-1-33 Kyr\u00f6nsivu. Maisematy\u00f6lupaa haetaan Viljakkalan Manniin, Kyr\u00f6skoskentien etel\u00e4n puoleisen puistoalueen harvennukselle. Hakemus koskee Viljakkalan Mannissa sijaitsevan Kyr\u00f6skoskentien etel\u00e4n puoleisen puistoalueen sek\u00e4 kaupungin hallussa olevien rakentamattomien tonttien harvennuksia. Toimenpiteill\u00e4 on tarkoitus harventaa puustoa ja avartaa maisemaa. Aluspuustoa poistetaan j\u00e4tt\u00e4en [&hellip;]<\/p>\n","protected":false},"author":8,"featured_media":0,"comment_status":"closed","ping_status":"closed","sticky":false,"template":"","format":"standard","meta":{"ngg_post_thumbnail":0,"footnotes":""},"categories":[1],"tags":[],"class_list":["post-1077","post","type-post","status-publish","format-standard","hentry","category-yleinen"],"_links":{"self":[{"href":"https:\/\/manninkyla.net\/index.php?rest_route=\/wp\/v2\/posts\/1077","targetHints":{"allow":["GET"]}}],"collection":[{"href":"https:\/\/manninkyla.net\/index.php?rest_route=\/wp\/v2\/posts"}],"about":[{"href":"https:\/\/manninkyla.net\/index.php?rest_route=\/wp\/v2\/types\/post"}],"author":[{"embeddable":true,"href":"https:\/\/manninkyla.net\/index.php?rest_route=\/wp\/v2\/users\/8"}],"replies":[{"embeddable":true,"href":"https:\/\/manninkyla.net\/index.php?rest_route=%2Fwp%2Fv2%2Fcomments&post=1077"}],"version-history":[{"count":1,"href":"https:\/\/manninkyla.net\/index.php?rest_route=\/wp\/v2\/posts\/1077\/revisions"}],"predecessor-version":[{"id":1078,"href":"https:\/\/manninkyla.net\/index.php?rest_route=\/wp\/v2\/posts\/1077\/revisions\/1078"}],"wp:attachment":[{"href":"https:\/\/manninkyla.net\/index.php?rest_route=%2Fwp%2Fv2%2Fmedia&parent=1077"}],"wp:term":[{"taxonomy":"category","embeddable":true,"href":"https:\/\/manninkyla.net\/index.php?rest_route=%2Fwp%2Fv2%2Fcategories&post=1077"},{"taxonomy":"post_tag","embeddable":true,"href":"https:\/\/manninkyla.net\/index.php?rest_route=%2Fwp%2Fv2%2Ftags&post=1077"}],"curies":[{"name":"wp","href":"https:\/\/api.w.org\/{rel}","templated":true}]}}