{"id":1050,"date":"2023-04-15T07:53:06","date_gmt":"2023-04-15T07:53:06","guid":{"rendered":"http:\/\/manninkyla.net\/?p=1050"},"modified":"2023-04-15T07:53:06","modified_gmt":"2023-04-15T07:53:06","slug":"lisainfoa-naantalin-retkesta","status":"publish","type":"post","link":"https:\/\/manninkyla.net\/?p=1050","title":{"rendered":"Lis\u00e4infoa Naantalin retkest\u00e4"},"content":{"rendered":"\n<p>Mannin Asukasyhdistys j\u00e4rjest\u00e4\u00e4 retken Naantaliin Unikeonp\u00e4iv\u00e4n\u00e4 27.7.2023. Naantali sykkii el\u00e4m\u00e4\u00e4, esiintyji\u00e4, markkinoita, Muumeja jne. Nyt on kaiken ik\u00e4isille jotakin, l\u00e4hdet\u00e4\u00e4n yhdess\u00e4 viett\u00e4m\u00e4\u00e4n kiva retkip\u00e4iv\u00e4! L\u00e4ht\u00f6 linja-autolla Viljakkalan Seolta klo 8.00, Mannin linja-autopys\u00e4kilt\u00e4 klo 8.10 ja Kyr\u00f6skosken matkahuollolta klo 8.20. Saapuminen Naantalin vanhaan kaupunkiin n. klo 10.30 ja paluu samaa reitti\u00e4 klo 17.15. Aikuisten hinta matkasta 20 \u20ac \/ hl\u00f6 ja lapset 15 \u20ac \/ hl\u00f6 (alle 12 v). <\/p>\n\n\n\n<p>Maksu suoritetaan Mannin Asukasyhdistyksen tilille FI 46 4722 0010 0189 59 viimeist\u00e4\u00e4n 31.5.2023, viesti: Naantalin retki ja osallistujien sukunimet. Mahdolliset Muumimaailman liput, ruokailut jne. jokainen huolehtii omakustanteisesti. Sitovat ilmoittautumiset ja lis\u00e4tiedot <a href=\"https:\/\/www.facebook.com\/groups\/1374976502736079\/user\/100000059696421\/?__cft__[0]=AZUHBi6b-O_affwhzc6g0GO3_hk-oBrC-txAoXSgruIb4-9QGm7ORL1Vfwo3zxclxkcue2e0NhMeLqlVHHRGYJW8jai90Hd9oFNaFPWy0pRWvCd2jgRBsrUR4Uf602kd-0vAQhuM6oyDcuhSNA1YBk6uXE_jvPkMDjp2pbv4qRxUwSQVzYOD4Dq0dF1jfCQ0gqo&amp;__tn__=-]K-R\">Nina Palolampi<\/a> puh. 040 587 9947 tai <a href=\"https:\/\/www.facebook.com\/groups\/1374976502736079\/user\/100003206551629\/?__cft__[0]=AZUHBi6b-O_affwhzc6g0GO3_hk-oBrC-txAoXSgruIb4-9QGm7ORL1Vfwo3zxclxkcue2e0NhMeLqlVHHRGYJW8jai90Hd9oFNaFPWy0pRWvCd2jgRBsrUR4Uf602kd-0vAQhuM6oyDcuhSNA1YBk6uXE_jvPkMDjp2pbv4qRxUwSQVzYOD4Dq0dF1jfCQ0gqo&amp;__tn__=-]K-R\">P\u00e4ivi Rytk\u00f6nen<\/a> puh. 040 722 5395.<\/p>\n","protected":false},"excerpt":{"rendered":"<p>Mannin Asukasyhdistys j\u00e4rjest\u00e4\u00e4 retken Naantaliin Unikeonp\u00e4iv\u00e4n\u00e4 27.7.2023. Naantali sykkii el\u00e4m\u00e4\u00e4, esiintyji\u00e4, markkinoita, Muumeja jne. Nyt on kaiken ik\u00e4isille jotakin, l\u00e4hdet\u00e4\u00e4n yhdess\u00e4 viett\u00e4m\u00e4\u00e4n kiva retkip\u00e4iv\u00e4! L\u00e4ht\u00f6 linja-autolla Viljakkalan Seolta klo 8.00, Mannin linja-autopys\u00e4kilt\u00e4 klo 8.10 ja Kyr\u00f6skosken matkahuollolta klo 8.20. Saapuminen Naantalin vanhaan kaupunkiin n. klo 10.30 ja paluu samaa reitti\u00e4 klo 17.15. Aikuisten hinta matkasta [&hellip;]<\/p>\n","protected":false},"author":8,"featured_media":0,"comment_status":"closed","ping_status":"closed","sticky":false,"template":"","format":"standard","meta":{"ngg_post_thumbnail":0,"footnotes":""},"categories":[1],"tags":[],"class_list":["post-1050","post","type-post","status-publish","format-standard","hentry","category-yleinen"],"_links":{"self":[{"href":"https:\/\/manninkyla.net\/index.php?rest_route=\/wp\/v2\/posts\/1050","targetHints":{"allow":["GET"]}}],"collection":[{"href":"https:\/\/manninkyla.net\/index.php?rest_route=\/wp\/v2\/posts"}],"about":[{"href":"https:\/\/manninkyla.net\/index.php?rest_route=\/wp\/v2\/types\/post"}],"author":[{"embeddable":true,"href":"https:\/\/manninkyla.net\/index.php?rest_route=\/wp\/v2\/users\/8"}],"replies":[{"embeddable":true,"href":"https:\/\/manninkyla.net\/index.php?rest_route=%2Fwp%2Fv2%2Fcomments&post=1050"}],"version-history":[{"count":2,"href":"https:\/\/manninkyla.net\/index.php?rest_route=\/wp\/v2\/posts\/1050\/revisions"}],"predecessor-version":[{"id":1070,"href":"https:\/\/manninkyla.net\/index.php?rest_route=\/wp\/v2\/posts\/1050\/revisions\/1070"}],"wp:attachment":[{"href":"https:\/\/manninkyla.net\/index.php?rest_route=%2Fwp%2Fv2%2Fmedia&parent=1050"}],"wp:term":[{"taxonomy":"category","embeddable":true,"href":"https:\/\/manninkyla.net\/index.php?rest_route=%2Fwp%2Fv2%2Fcategories&post=1050"},{"taxonomy":"post_tag","embeddable":true,"href":"https:\/\/manninkyla.net\/index.php?rest_route=%2Fwp%2Fv2%2Ftags&post=1050"}],"curies":[{"name":"wp","href":"https:\/\/api.w.org\/{rel}","templated":true}]}}